{"id":3289,"date":"2020-06-22T08:09:37","date_gmt":"2020-06-22T06:09:37","guid":{"rendered":"https:\/\/www.souverainisme.fr\/?p=3289"},"modified":"2021-09-27T00:32:18","modified_gmt":"2021-09-26T22:32:18","slug":"pour-une-ecologie-politique-rationnelle-et-populaire","status":"publish","type":"post","link":"https:\/\/www.souverainisme.fr\/?p=3289","title":{"rendered":"Pour une \u00e9cologie politique, rationnelle et populaire"},"content":{"rendered":"<h3><\/h3>\n<h5><\/h5>\n<h5 style=\"text-align: center;\"><strong>Colin Alberto<\/strong><\/h5>\n<p>&nbsp;<\/p>\n<p style=\"text-align: justify;\">L\u2019\u00e9cologie est aujourd\u2019hui un th\u00e8me r\u00e9current des discours politiques, et une valeur qui se diffuse de plus en plus largement dans la population fran\u00e7aise. Pourtant, sous des apparences consensuelles, c\u2019est un objet politiquement maltrait\u00e9, qui masque parfois des conceptions id\u00e9ologiques douteuses: lib\u00e9rales-mondialistes d\u2019un c\u00f4t\u00e9, r\u00e9actionnaires de l\u2019autre. C\u2019est pourquoi aux Patriotes notre conception du monde nous am\u00e8ne \u00e0 d\u00e9fendre une \u00e9cologie politique, rationnelle et populaire.<\/p>\n<p style=\"text-align: justify;\"><strong>Pas d\u2019\u00e9cologie sans politique<\/strong><\/p>\n<p style=\"text-align: justify;\">L\u2019\u00e9cologie est un th\u00e8me qui semble faire consensus: qui pourrait \u00eatre pour la pollution des terres, des mers et de l\u2019air? Qui pourrait soutenir la d\u00e9gradation de notre cadre de vie, l\u2019extinction des populations animales, ou encore le d\u00e9r\u00e8glement climatique? De nombreux mouvements \u00e9cologistes profitent de ces apparences de bon sens pour nous vendre une \u00e9cologie d\u00e9politis\u00e9e, r\u00e9duite \u00e0 sa dimension morale. Pourtant, la r\u00e9cup\u00e9ration de leurs combats est bien politique, elle! Ainsi des mouvements animalistes qui, souhaitant prot\u00e9ger toute vie et r\u00e9duire au maximum toute souffrance, en viennent \u00e0 d\u00e9fendre la modification g\u00e9n\u00e9tique du r\u00e8gne animal pour en supprimer toute pulsion d\u2019agressivit\u00e9! Ainsi des activistes vegan qui acceptent les subventions de lobbies am\u00e9ricains ayant int\u00e9r\u00eat au d\u00e9veloppement de la viande de laboratoire !<\/p>\n<h6><\/h6>\n<h6><strong><br \/>\n<img class=\"size-full wp-image-3679 alignright\" src=\"https:\/\/www.souverainisme.fr\/wp-content\/uploads\/2021\/08\/soutien.png\" alt=\"\" width=\"1893\" height=\"124\" \/><br \/>\n<\/strong><\/h6>\n<h6 style=\"text-align: center\"><strong>L'int\u00e9gralit\u00e9 de ce contenu est r\u00e9serv\u00e9e aux abonn\u00e9s...<\/strong><\/h6>\n<h6 style=\"text-align: center\"><strong>Pour y acc\u00e9der,\u00a0 <a href=\"https:\/\/www.souverainisme.fr\/?page_id=1345\" target=\"_blank\">abonnez-vous\u00a0<\/a>ou <a href=\"https:\/\/www.souverainisme.fr\/?page_id=3655\" target=\"_blank\">identifiez-vous<\/a>.<\/strong><\/h6>\n","protected":false},"excerpt":{"rendered":"<p>Colin Alberto &nbsp; L\u2019\u00e9cologie est aujourd\u2019hui un th\u00e8me r\u00e9current des discours politiques, et une valeur qui se diffuse de plus en plus largement dans la population fran\u00e7aise. Pourtant, sous des apparences consensuelles, c\u2019est un objet politiquement maltrait\u00e9, qui masque parfois des conceptions id\u00e9ologiques douteuses: lib\u00e9rales-mondialistes d\u2019un c\u00f4t\u00e9, r\u00e9actionnaires de l\u2019autre. C\u2019est pourquoi aux Patriotes notre&#8230;<\/p>\n","protected":false},"author":3,"featured_media":3290,"comment_status":"closed","ping_status":"closed","sticky":false,"template":"","format":"standard","meta":[],"categories":[40],"tags":[46,44,45],"_links":{"self":[{"href":"https:\/\/www.souverainisme.fr\/index.php?rest_route=\/wp\/v2\/posts\/3289"}],"collection":[{"href":"https:\/\/www.souverainisme.fr\/index.php?rest_route=\/wp\/v2\/posts"}],"about":[{"href":"https:\/\/www.souverainisme.fr\/index.php?rest_route=\/wp\/v2\/types\/post"}],"author":[{"embeddable":true,"href":"https:\/\/www.souverainisme.fr\/index.php?rest_route=\/wp\/v2\/users\/3"}],"replies":[{"embeddable":true,"href":"https:\/\/www.souverainisme.fr\/index.php?rest_route=%2Fwp%2Fv2%2Fcomments&post=3289"}],"version-history":[{"count":8,"href":"https:\/\/www.souverainisme.fr\/index.php?rest_route=\/wp\/v2\/posts\/3289\/revisions"}],"predecessor-version":[{"id":3725,"href":"https:\/\/www.souverainisme.fr\/index.php?rest_route=\/wp\/v2\/posts\/3289\/revisions\/3725"}],"wp:featuredmedia":[{"embeddable":true,"href":"https:\/\/www.souverainisme.fr\/index.php?rest_route=\/wp\/v2\/media\/3290"}],"wp:attachment":[{"href":"https:\/\/www.souverainisme.fr\/index.php?rest_route=%2Fwp%2Fv2%2Fmedia&parent=3289"}],"wp:term":[{"taxonomy":"category","embeddable":true,"href":"https:\/\/www.souverainisme.fr\/index.php?rest_route=%2Fwp%2Fv2%2Fcategories&post=3289"},{"taxonomy":"post_tag","embeddable":true,"href":"https:\/\/www.souverainisme.fr\/index.php?rest_route=%2Fwp%2Fv2%2Ftags&post=3289"}],"curies":[{"name":"wp","href":"https:\/\/api.w.org\/{rel}","templated":true}]}}