{"id":3417,"date":"2021-06-13T18:40:55","date_gmt":"2021-06-13T16:40:55","guid":{"rendered":"https:\/\/www.souverainisme.fr\/?p=3417"},"modified":"2021-08-07T07:54:13","modified_gmt":"2021-08-07T05:54:13","slug":"quelle-politique-migratoire-pour-la-france-1","status":"publish","type":"post","link":"https:\/\/www.souverainisme.fr\/?p=3417","title":{"rendered":"Quelle politique migratoire pour la France ? (1)"},"content":{"rendered":"<p>&nbsp;<\/p>\n<h6 style=\"text-align: center;\"><strong>Andr\u00e9-Victor Robert<br \/>\n<\/strong> Haut-fonctionnaire<\/h6>\n<p>&nbsp;<\/p>\n<p style=\"text-align: justify;\"><em><span style=\"font-family: Times New Roman, serif;\">La pr\u00e9sente contribution vise <\/span><span style=\"font-family: Times New Roman, serif;\">\u00e0 esquisser une politique migratoire pour la France <\/span><span style=\"font-family: Times New Roman, serif;\">qui soit <\/span><span style=\"font-family: Times New Roman, serif;\">conforme \u00e0 ses int\u00e9r\u00eats. On s\u2019attache <\/span><span style=\"font-family: Times New Roman, serif;\">tout d\u2019abord \u00e0 dresser l\u2019\u00e9tat des lieux des flux migratoires entretenus par la France avec les pays \u00e9trangers, au regard des r\u00e8gles de droit <\/span><span style=\"font-family: Times New Roman, serif;\">et des politiques <\/span><span style=\"font-family: Times New Roman, serif;\">en vigueur, <\/span><span style=\"font-family: Times New Roman, serif;\">et en s\u2019appuyant sur les statistiques disponibles. <\/span><span style=\"font-family: Times New Roman, serif;\">On s\u2019interroge ensuite sur les co\u00fbts et les bienfaits possibles de l\u2019immigration, du point de vue d\u00e9mographique, \u00e9conomique (notamment pour ce qui a trait au fonctionnement du march\u00e9 du travail) et en termes de coh\u00e9sion sociale. On propose enfin un ensemble de mesures visant \u00e0 mettre en coh\u00e9rence la politique migratoire de notre pays avec ses int\u00e9r\u00eats, en distinguant d\u2019une part les mesures qui peuvent \u00eatre prises sans sortir de l\u2019Union europ\u00e9enne, et d\u2019autre part les mesures suppl\u00e9mentaires pouvant \u00eatre <\/span><span style=\"font-family: Times New Roman, serif;\">mises en \u0153uvre apr\u00e8s ren\u00e9gociation de nos engagements europ\u00e9ens<\/span><span style=\"font-family: Times New Roman, serif;\">. Du fait de son ampleur, il sera \u00e9dit\u00e9 en cinq parties. En voici la premi\u00e8re, \u00e9tudiant l'immigration sous l'angle juridique.<\/span><\/em><i><br \/>\n<\/i><\/p>\n<h3 class=\"western\" style=\"text-align: justify;\">I \u2013 <span style=\"text-decoration: underline;\">Les sources du droit<\/span><\/h3>\n<p style=\"text-align: justify;\">On rappelle tout d\u2019abord bri\u00e8vement dans les paragraphes qui suivent les principales sources du droit applicables en France pour ce qui est de l\u2019entr\u00e9e et du s\u00e9jour des \u00e9trangers et de l\u2019octroi de la nationalit\u00e9 fran\u00e7aise. Le droit en ces mati\u00e8res rel\u00e8ve d\u2019une part de dispositions l\u00e9gislatives et r\u00e9glementaires purement internes \u00e0 la France, et d\u2019une part de conventions internationales\u00a0: accords bilat\u00e9raux que la France a conclus avec ses anciennes colonies, conventions multilat\u00e9rales que la France a ratifi\u00e9es (convention de Gen\u00e8ve relative au statut des r\u00e9fugi\u00e9s, convention europ\u00e9enne des droits de l\u2019homme), droit de l\u2019Union europ\u00e9enne.<\/p>\n<h4 class=\"western\" style=\"text-align: justify;\">I.1. Textes onusiens\u00a0: la convention de Gen\u00e8ve de 1951 relative au statut des r\u00e9fugi\u00e9s<\/h4>\n<p style=\"text-align: justify;\">La convention de Gen\u00e8ve d\u00e9finit ainsi \u2013 en son article 1er - les r\u00e9fugi\u00e9s\u00a0: \u00ab\u00a0 <i><u>toute personne (...) qui craignant avec raison d'\u00eatre pers\u00e9cut\u00e9e du fait de sa race, de sa religion, de sa nationalit\u00e9, de son appartenance \u00e0 un certain groupe social ou de ses opinions politiques<\/u><\/i><i>, se trouve hors du pays dont elle a la nationalit\u00e9 et qui ne peut ou, du fait de cette crainte, ne veut se r\u00e9clamer de la protection de ce pays<\/i>\u00a0\u00bb.<\/p>\n<p style=\"text-align: justify;\">Les r\u00e9fugi\u00e9s ainsi d\u00e9finis <u>ont droit \u00e0 l\u2019asile<\/u>, c\u2019est-\u00e0-dire \u00e0 ne pas \u00eatre refoul\u00e9s du pays o\u00f9 ils se trouvent, quand bien m\u00eame ils y seraient entr\u00e9s ill\u00e9galement, sous r\u00e9serve de formuler leur demande sans d\u00e9lai apr\u00e8s leur entr\u00e9e sur le territoire. La France, par le biais de la constitution de 1946, a \u00e9tendu \u2013 pour ce qui concerne les personnes se trouvant sur son territoire - le b\u00e9n\u00e9fice du droit d\u2019asile \u00e0 toute personne pers\u00e9cut\u00e9e en raison de son action en faveur de la libert\u00e9.<\/p>\n<p style=\"text-align: justify;\">145 pays membres de l\u2019ONU (sur 197) ont \u00e0 ce jour ratifi\u00e9 cette convention<a class=\"sdfootnoteanc\" href=\"#sdfootnote1sym\"><sup>1<\/sup><\/a>.<\/p>\n<h4 class=\"western\" style=\"text-align: justify;\">I.2. La Convention europ\u00e9enne des droits de l\u2019homme<\/h4>\n<p style=\"text-align: justify;\">La Convention europ\u00e9enne des droits de l\u2019homme (CEDH) a \u00e9t\u00e9 sign\u00e9e en 1950 et est entr\u00e9e en vigueur en 1953. Elle se r\u00e9f\u00e8re \u00e0 la D\u00e9claration universelle des droits de l\u2019homme, approuv\u00e9e \u00e0 l\u2019ONU par acclamation le 10 d\u00e9cembre 1948. La CEDH a fait l\u2019objet de plusieurs modifications successives, par le biais de \u00ab\u00a0protocoles additionnels\u00a0\u00bb entr\u00e9s en vigueur une fois ratifi\u00e9s par un nombre suffisant d\u2019\u00e9tats partie \u00e0 la convention<a class=\"sdfootnoteanc\" href=\"#sdfootnote2sym\"><sup>2<\/sup><\/a>. Pour permettre le respect effectif des droits inscrits dans la convention, celle-ci institue la Cour europ\u00e9enne des droits de l\u2019homme. La convention est \u00e0 ce jour ratifi\u00e9e par 47 \u00e9tats europ\u00e9ens. Il est \u00e0 noter que <u>l\u2019Union europ\u00e9enne (UE) a adh\u00e9r\u00e9 en bloc \u00e0 la CEDH<\/u> (art. 6 alinea 2 du Trait\u00e9 de l\u2019Union europ\u00e9enne - TUE)\u00a0: il n\u2019est donc pas possible d\u2019adh\u00e9rer \u00e0 l\u2019Union sans s\u2019obliger \u00e0 respecter la CEDH.<\/p>\n<p style=\"text-align: justify;\">\n<h6><\/h6>\n<h6><strong><br \/>\n<img class=\"size-full wp-image-3679 alignright\" src=\"https:\/\/www.souverainisme.fr\/wp-content\/uploads\/2021\/08\/soutien.png\" alt=\"\" width=\"1893\" height=\"124\" \/><br \/>\n<\/strong><\/h6>\n<h6 style=\"text-align: center\"><strong>L'int\u00e9gralit\u00e9 de ce contenu est r\u00e9serv\u00e9e aux abonn\u00e9s...<\/strong><\/h6>\n<h6 style=\"text-align: center\"><strong>Pour y acc\u00e9der,\u00a0 <a href=\"https:\/\/www.souverainisme.fr\/?page_id=1345\" target=\"_blank\">abonnez-vous\u00a0<\/a>ou <a href=\"https:\/\/www.souverainisme.fr\/?page_id=3655\" target=\"_blank\">identifiez-vous<\/a>.<\/strong><\/h6>\n","protected":false},"excerpt":{"rendered":"<p>&nbsp; Andr\u00e9-Victor Robert Haut-fonctionnaire &nbsp; La pr\u00e9sente contribution vise \u00e0 esquisser une politique migratoire pour la France qui soit conforme \u00e0 ses int\u00e9r\u00eats. On s\u2019attache tout d\u2019abord \u00e0 dresser l\u2019\u00e9tat des lieux des flux migratoires entretenus par la France avec les pays \u00e9trangers, au regard des r\u00e8gles de droit et des politiques en vigueur, et&#8230;<\/p>\n","protected":false},"author":5,"featured_media":3427,"comment_status":"closed","ping_status":"closed","sticky":false,"template":"","format":"standard","meta":[],"categories":[43,34],"tags":[81,79,82,80,78,83],"_links":{"self":[{"href":"https:\/\/www.souverainisme.fr\/index.php?rest_route=\/wp\/v2\/posts\/3417"}],"collection":[{"href":"https:\/\/www.souverainisme.fr\/index.php?rest_route=\/wp\/v2\/posts"}],"about":[{"href":"https:\/\/www.souverainisme.fr\/index.php?rest_route=\/wp\/v2\/types\/post"}],"author":[{"embeddable":true,"href":"https:\/\/www.souverainisme.fr\/index.php?rest_route=\/wp\/v2\/users\/5"}],"replies":[{"embeddable":true,"href":"https:\/\/www.souverainisme.fr\/index.php?rest_route=%2Fwp%2Fv2%2Fcomments&post=3417"}],"version-history":[{"count":9,"href":"https:\/\/www.souverainisme.fr\/index.php?rest_route=\/wp\/v2\/posts\/3417\/revisions"}],"predecessor-version":[{"id":3696,"href":"https:\/\/www.souverainisme.fr\/index.php?rest_route=\/wp\/v2\/posts\/3417\/revisions\/3696"}],"wp:featuredmedia":[{"embeddable":true,"href":"https:\/\/www.souverainisme.fr\/index.php?rest_route=\/wp\/v2\/media\/3427"}],"wp:attachment":[{"href":"https:\/\/www.souverainisme.fr\/index.php?rest_route=%2Fwp%2Fv2%2Fmedia&parent=3417"}],"wp:term":[{"taxonomy":"category","embeddable":true,"href":"https:\/\/www.souverainisme.fr\/index.php?rest_route=%2Fwp%2Fv2%2Fcategories&post=3417"},{"taxonomy":"post_tag","embeddable":true,"href":"https:\/\/www.souverainisme.fr\/index.php?rest_route=%2Fwp%2Fv2%2Ftags&post=3417"}],"curies":[{"name":"wp","href":"https:\/\/api.w.org\/{rel}","templated":true}]}}